{"id":126,"date":"2010-01-11T15:24:46","date_gmt":"2010-01-11T14:24:46","guid":{"rendered":"https:\/\/www.ca.blog.sacd.fr\/?p=126"},"modified":"2010-01-11T16:36:48","modified_gmt":"2010-01-11T15:36:48","slug":"philippe-seguin-et-le-cinema","status":"publish","type":"post","link":"https:\/\/www.ca.blog.sacd.fr\/index.php\/2010\/01\/11\/philippe-seguin-et-le-cinema\/","title":{"rendered":"Philippe S\u00e9guin et le cin\u00e9ma"},"content":{"rendered":"<p>La mort de Philippe S\u00e9guin a donn\u00e9 lieu \u00e0 une avalanche de condol\u00e9ances plus ou moins hypocrites, faux derches (celles de Jupp\u00e9 ou de Jospin que cette mort surprenait en pleine promo et qui devait c\u00e9der son temps de parole), \u00e0 un d\u00e9luge de regrets coinc\u00e9s, avec des expressions calibr\u00e9es, taill\u00e9es sur mesure\u00a0 qui voltigeaient d&rsquo;un article \u00e0 l&rsquo;autre :\u00a0 forte personnalit\u00e9, R\u00e9publicain, gaulliste social. Quelques exceptions ici et l\u00e0, notamment celle de Serge Moati visiblement tr\u00e8s \u00e9mu et d&rsquo;Henri Guaino. J&rsquo;aimais bien Philippe S\u00e9guin. Les deux ou trois fois o\u00f9 je l&rsquo;ai rencontr\u00e9, il m&rsquo;a \u00e9tonn\u00e9 par sa culture, sa rapidit\u00e9 de d\u00e9cision, son int\u00e9r\u00eat et sa connaissance de tr\u00e8s nombreux sujets. Notamment le cin\u00e9ma. Ce que je n&rsquo;ai lu nulle part. On parl\u00e9 de son amour du foot mais pas du cin\u00e9ma qui l&rsquo;a conduit \u00e0 accepter de si\u00e9ger au Conseil d&rsquo;Administration du Festival de Cannes.<\/p>\n<p>Je me souviens de son intervention dans la regrett\u00e9e \u00e9mission <em>Cin\u00e9ma, Cin\u00e9mas<\/em> o\u00f9 l&rsquo;on interrogeait un certain nombre d&rsquo;hommes politiques sur leur rapports avec le 7\u00e8me art. Philippe S\u00e9guin avait \u00e9t\u00e9 l&rsquo;un des plus brillants et quand il parlait des films qu&rsquo;il aimait, ne pratiquait jamais la langue de bois. Les r\u00e9alisateurs producteurs lui doivent une fi\u00e8re chandelle. Dans les ann\u00e9es 80, le minist\u00e8re des finances avait d\u00e9cid\u00e9 de consid\u00e9rer les r\u00e9alisateurs g\u00e9rants des soci\u00e9t\u00e9s de production au capital de 100 000 francs soci\u00e9t\u00e9s cr\u00e9\u00e9es \u00e0 la demande du minist\u00e8re de la Culture pour permettre \u00e0 des r\u00e9alisateurs de toucher l&rsquo;avance sur recettes) comme des salari\u00e9s, m\u00eame s&rsquo;ils n&rsquo;\u00e9taient absolument pas r\u00e9mun\u00e9r\u00e9s. Et on commen\u00e7ait par prendre en compte le capital qui avait servi \u00e0 monter la soci\u00e9t\u00e9 et qui \u00e9tait souvent constitu\u00e9 pour une partie de sc\u00e9narios et de droits divers. Cet int\u00e9r\u00eat \u00e9tait r\u00e9tro actif et certains cin\u00e9astes s&rsquo;\u00e9taient vus demander des sommes \u00e9normes . Je me souviens de Michel Drach \u00e0 qui les huissiers r\u00e9clamaient, dans un d\u00e9lai tr\u00e8s court,\u00a0 plus de 800 000 francs. Toutes les tentatives que la SRF avait faite au pr\u00e8s des Minist\u00e8res de la Finance et\u00a0 de la Culture, dirig\u00e9s par des socialistes, avaient d\u00e9bouch\u00e9 sur une impasse.\u00a0 Apr\u00e8s les \u00e9lections, nous avions demand\u00e9 G\u00e9rard Gu\u00e9rin et moi \u00e0 rencontrer Philippe S\u00e9guin qui \u00e9tait ministre des Affaires Sociales et de l&rsquo;Emploi. En quelques minutes, on r\u00e9alisa qu&rsquo;il connaissait parfaitement le dossier, ce qui n&rsquo;\u00e9tait le cas d&rsquo;aucun de nos interlocuteurs pr\u00e9c\u00e9dents. Et qu&rsquo;il connaissait la carri\u00e8re et les films de tous les auteurs concern\u00e9s. En fait on parla surtout de cin\u00e9ma, ce qui n&rsquo;\u00e9tait pas si courant avec les d\u00e9put\u00e9s chiraquiens. Et il r\u00e9gla tous les probl\u00e8mes, fit cesser les proc\u00e9dures.<\/p>\n","protected":false},"excerpt":{"rendered":"<p>La mort de Philippe S\u00e9guin a donn\u00e9 lieu \u00e0 une avalanche de condol\u00e9ances plus ou moins hypocrites, faux derches (celles de Jupp\u00e9 ou de Jospin que cette mort surprenait en pleine promo et qui devait c\u00e9der son temps de parole), \u00e0 un d\u00e9luge de regrets coinc\u00e9s, avec des expressions calibr\u00e9es, taill\u00e9es sur mesure\u00a0 qui voltigeaient [&hellip;]<\/p>\n","protected":false},"author":28,"featured_media":0,"comment_status":"open","ping_status":"open","sticky":false,"template":"","format":"standard","meta":{"footnotes":""},"categories":[3],"tags":[],"class_list":["post-126","post","type-post","status-publish","format-standard","hentry","category-audiovisuel"],"_links":{"self":[{"href":"https:\/\/www.ca.blog.sacd.fr\/index.php\/wp-json\/wp\/v2\/posts\/126","targetHints":{"allow":["GET"]}}],"collection":[{"href":"https:\/\/www.ca.blog.sacd.fr\/index.php\/wp-json\/wp\/v2\/posts"}],"about":[{"href":"https:\/\/www.ca.blog.sacd.fr\/index.php\/wp-json\/wp\/v2\/types\/post"}],"author":[{"embeddable":true,"href":"https:\/\/www.ca.blog.sacd.fr\/index.php\/wp-json\/wp\/v2\/users\/28"}],"replies":[{"embeddable":true,"href":"https:\/\/www.ca.blog.sacd.fr\/index.php\/wp-json\/wp\/v2\/comments?post=126"}],"version-history":[{"count":5,"href":"https:\/\/www.ca.blog.sacd.fr\/index.php\/wp-json\/wp\/v2\/posts\/126\/revisions"}],"predecessor-version":[{"id":130,"href":"https:\/\/www.ca.blog.sacd.fr\/index.php\/wp-json\/wp\/v2\/posts\/126\/revisions\/130"}],"wp:attachment":[{"href":"https:\/\/www.ca.blog.sacd.fr\/index.php\/wp-json\/wp\/v2\/media?parent=126"}],"wp:term":[{"taxonomy":"category","embeddable":true,"href":"https:\/\/www.ca.blog.sacd.fr\/index.php\/wp-json\/wp\/v2\/categories?post=126"},{"taxonomy":"post_tag","embeddable":true,"href":"https:\/\/www.ca.blog.sacd.fr\/index.php\/wp-json\/wp\/v2\/tags?post=126"}],"curies":[{"name":"wp","href":"https:\/\/api.w.org\/{rel}","templated":true}]}}