{"id":142,"date":"2010-07-02T09:13:28","date_gmt":"2010-07-02T08:13:28","guid":{"rendered":"https:\/\/www.ca.blog.sacd.fr\/?p=142"},"modified":"2011-09-13T13:21:25","modified_gmt":"2011-09-13T12:21:25","slug":"un-administrateur-au-ca-le-feuilleton-episode-numero-1","status":"publish","type":"post","link":"https:\/\/www.ca.blog.sacd.fr\/index.php\/2010\/07\/02\/un-administrateur-au-ca-le-feuilleton-episode-numero-1\/","title":{"rendered":"Un administrateur au CA : le feuilleton &#8211; Episode num\u00e9ro 1"},"content":{"rendered":"<p><img loading=\"lazy\" decoding=\"async\" class=\"alignleft size-full wp-image-245\" style=\"margin-left: 4px; margin-right: 4px;\" title=\"Jean-Paul Al\u00e8gre\" src=\"https:\/\/www.ca.blog.sacd.fr\/wp-content\/uploads\/2010\/07\/alegre_jean_paul100.jpg\" alt=\"Jean-Paul Al\u00e8gre\" width=\"150\" height=\"100\" \/>10 heures du matin, le jeudi, voil\u00e0, j&rsquo;en prends pour trois ans, deux fois par mois, minimum !<\/p>\n<p>Et en plus, je l&rsquo;ai voulu !<\/p>\n<p>La place de Clichy est d\u00e9j\u00e0 sans dessus dessous, un vrai parcours du combattant pour traverser&#8230; La rue Ballu para\u00eet presque provinciale en comparaison, et la cour de la SACD est un havre de paix.<\/p>\n<p>Mais \u00e7a s&rsquo;agite d\u00e9j\u00e0 \u00e0 l&rsquo;int\u00e9rieur, les administrateurs arrivant les uns apr\u00e8s les autres.<\/p>\n<p>Le personnel, attentif, a tout pr\u00e9par\u00e9, dossiers, documents, le pr\u00e9sident peut lancer la s\u00e9ance pratiquement \u00e0 l&rsquo;heure, ce qui est d\u00e9j\u00e0 une premi\u00e8re surprise pour le petit nouveau que je suis.<\/p>\n<p>Seconde surprise, pas de place attitr\u00e9e, en dehors de celles du pr\u00e9sident, du directeur g\u00e9n\u00e9ral et du premier vice-pr\u00e9sident qui se mettent sous la protection \u00e0 la fois solennelle et un peu goguenarde du grand buste de Beaumarchais. Dans les autres CA que j&rsquo;ai pratiqu\u00e9, nous somme \u00e9tiquet\u00e9s, hi\u00e9rarchis\u00e9s. Ici non, on se regroupe comme on le sent, les r\u00e9pertoires ne font pas bloc, et je vois d&rsquo; heureux pr\u00e9sages dans cette installation joyeuse et amicale. Je suis en face de Beaumarchais, tiens, justement, donc, si vous avez suivi et si j&rsquo;ai \u00e9t\u00e9 \u00e0 peu pr\u00e8s clair, en face de ceux qui vont mener les d\u00e9bats.<\/p>\n<p>De ceux-ci, naturellement, je ne dirai rien, ayant bien compris le devoir de r\u00e9serve absolu que nous avons vis \u00e0 vis des discussions, passionnantes, qui d\u00e9marrent tr\u00e8s rapidement autour de la grande table ovale.<\/p>\n<p>Ce matin, ce ballon de rugby g\u00e9ant, ne suscite pas, comme l&rsquo;autre, des empoignades endiabl\u00e9es.<\/p>\n<p>C&rsquo;est plut\u00f4t calme, consensuel, constructif.<\/p>\n<p>On me chuchote que ce n&rsquo;est pas toujours comme \u00e7a, nous verrons bien.<\/p>\n<p>En tout cas, ce que je peux dire, c&rsquo;est que les dossiers sont clairement expos\u00e9s, les d\u00e9bats approfondis sans \u00eatre pesants, bref, les \u00e9lus autour de cette table font leur travail d&rsquo;\u00e9lus, avec bonne humeur et beaucoup de s\u00e9rieux.<\/p>\n<p>Les trois heures passent vite.<\/p>\n<p>Je constate ce que je pressentais : tr\u00e8s au fait du monde du spectacle vivant, et moins inform\u00e9 de ce qui se passe dans celui de l&rsquo;audiovisuel, je per\u00e7ois tout de suite que les grands probl\u00e8mes de l&rsquo;un se retrouvent dans l&rsquo;autre. Beaumarchais, le seul \u00e0 n&rsquo;avoir pas boug\u00e9 et pas touch\u00e9 au caf\u00e9 ou au jus d&rsquo;orange, avait-il pr\u00e9vu cela ?<\/p>\n<p>En tout cas, son buste n&rsquo; a pas l&rsquo;air autrement surpris !<\/p>\n<p>Bon.<\/p>\n<p>Pause repas, dans le jardin d&rsquo;hiver qui porte bien mal son nom en ce jour de canicule, et nous nous r\u00e9partissons dans les diff\u00e9rentes commissions&#8230;<\/p>\n<p>Je d\u00e9couvre, en tant qu&rsquo;administrateur d\u00e9l\u00e9gu\u00e9 \u00e0 l&rsquo;action sociale, l&rsquo;efficacit\u00e9 et le vrai souci de ceux de nos confr\u00e8res qui sont dans la difficult\u00e9, dont font preuve notre assistante sociale et tout le service P\u00f4le Auteurs.<\/p>\n<p>C&rsquo;est aussi cela une grande soci\u00e9t\u00e9 d&rsquo;auteurs.<\/p>\n<p>17 heures : la rue Ballu atteint son point d&rsquo;\u00e9bullition ! Si c&rsquo;est comme cela \u00e0 Avignon,\u00a0 je propose que l&rsquo;on transporte toutes nos animations directement dans le Rh\u00f4ne, et encore, \u00e0 condition d&rsquo;y rajouter une solide quantit\u00e9 de gla\u00e7ons !<\/p>\n<p>A bient\u00f4t&#8230;<\/p>\n","protected":false},"excerpt":{"rendered":"<p>10 heures du matin, le jeudi, voil\u00e0, j&rsquo;en prends pour trois ans, deux fois par mois, minimum ! Et en plus, je l&rsquo;ai voulu ! La place de Clichy est d\u00e9j\u00e0 sans dessus dessous, un vrai parcours du combattant pour traverser&#8230; La rue Ballu para\u00eet presque provinciale en comparaison, et la cour de la SACD [&hellip;]<\/p>\n","protected":false},"author":37,"featured_media":0,"comment_status":"open","ping_status":"open","sticky":false,"template":"","format":"standard","meta":{"footnotes":""},"categories":[2],"tags":[],"class_list":["post-142","post","type-post","status-publish","format-standard","hentry","category-spectacle-vivant"],"_links":{"self":[{"href":"https:\/\/www.ca.blog.sacd.fr\/index.php\/wp-json\/wp\/v2\/posts\/142","targetHints":{"allow":["GET"]}}],"collection":[{"href":"https:\/\/www.ca.blog.sacd.fr\/index.php\/wp-json\/wp\/v2\/posts"}],"about":[{"href":"https:\/\/www.ca.blog.sacd.fr\/index.php\/wp-json\/wp\/v2\/types\/post"}],"author":[{"embeddable":true,"href":"https:\/\/www.ca.blog.sacd.fr\/index.php\/wp-json\/wp\/v2\/users\/37"}],"replies":[{"embeddable":true,"href":"https:\/\/www.ca.blog.sacd.fr\/index.php\/wp-json\/wp\/v2\/comments?post=142"}],"version-history":[{"count":6,"href":"https:\/\/www.ca.blog.sacd.fr\/index.php\/wp-json\/wp\/v2\/posts\/142\/revisions"}],"predecessor-version":[{"id":244,"href":"https:\/\/www.ca.blog.sacd.fr\/index.php\/wp-json\/wp\/v2\/posts\/142\/revisions\/244"}],"wp:attachment":[{"href":"https:\/\/www.ca.blog.sacd.fr\/index.php\/wp-json\/wp\/v2\/media?parent=142"}],"wp:term":[{"taxonomy":"category","embeddable":true,"href":"https:\/\/www.ca.blog.sacd.fr\/index.php\/wp-json\/wp\/v2\/categories?post=142"},{"taxonomy":"post_tag","embeddable":true,"href":"https:\/\/www.ca.blog.sacd.fr\/index.php\/wp-json\/wp\/v2\/tags?post=142"}],"curies":[{"name":"wp","href":"https:\/\/api.w.org\/{rel}","templated":true}]}}