{"id":180,"date":"2010-12-17T15:17:00","date_gmt":"2010-12-17T14:17:00","guid":{"rendered":"https:\/\/www.ca.blog.sacd.fr\/?p=180"},"modified":"2011-09-13T11:26:15","modified_gmt":"2011-09-13T10:26:15","slug":"lart-alternatif-off-limits","status":"publish","type":"post","link":"https:\/\/www.ca.blog.sacd.fr\/index.php\/2010\/12\/17\/lart-alternatif-off-limits\/","title":{"rendered":"L&rsquo;Art alternatif, \u00ab\u00a0off limits\u00a0\u00bb"},"content":{"rendered":"<p><img loading=\"lazy\" decoding=\"async\" class=\"alignleft size-full wp-image-225\" style=\"margin-left: 4px; margin-right: 4px;\" title=\"houdart_dominique\" src=\"https:\/\/www.ca.blog.sacd.fr\/wp-content\/uploads\/2010\/12\/houdart_dominique.jpg\" alt=\"\" width=\"100\" height=\"150\" \/>La vie culturelle en France a subi des dommages inestimables. Apr\u00e8s l&rsquo;\u00e9t\u00e9 meurtrier 2003, face \u00e0 un gouvernement autiste qui a renvoy\u00e9 la culture dans les bras du MEDEF, aux annonces incroyables de Mitterrand sur la culture \u00ab pour chacun \u00bb il devient effectivement urgent, vital d&rsquo;organiser la r\u00e9sistance et de lancer un mouvement alternatif.<br \/>\nAlternatif, car l&rsquo;art officiel va continuer tranquillement dans les grandes institutions bien dot\u00e9es, parfois talentueuses, mais paradoxales par nature, car l&rsquo;art peut-il \u00eatre officiel ?<\/p>\n<p>L&rsquo;art officiel, c&rsquo;est comme un OGM, il est modifi\u00e9 pour plaire \u00e0 la tutelle, \u00e0 la critique, pour entrer dans le moule, il est g\u00e9n\u00e9tiquement convenable, autosuffisant, il tourne sur lui-m\u00eame, il est contagieux et risque de contaminer l&rsquo;art en g\u00e9n\u00e9ral, de cr\u00e9er une d\u00e9g\u00e9n\u00e9rescence.<\/p>\n<p>\u00c0 c\u00f4t\u00e9 de ces \u00ab\u00a0champs culturels \u00a0\u00bb tir\u00e9s au cordeau, l&rsquo;art a besoin de \u00ab\u00a0friches culturelles\u00a0\u00bb, de terrains pour pratiquer l&rsquo;exp\u00e9rimentation, la recherche, l&rsquo;audace, de cr\u00e9er des fruits d\u00e9rangeants, peu convenables, \u00e9tranges, explosifs, d\u00e9stabilisants.<br \/>\nCes fruits culturels alternatifs ne peuvent pas pousser correctement dans les champs d&rsquo;OGM, ils seraient vites r\u00e9cup\u00e9r\u00e9s, modifi\u00e9s.<\/p>\n<p>C&rsquo;est donc un circuit comparable au circuit bio qu&rsquo;il faut cr\u00e9er, le circuit de l&rsquo;art naturel, l&rsquo;art de plein champ, sans pesticide et sans nitrate. Il lui faut des espaces de libert\u00e9 et de rencontre avec le public. Et ce n\u2019est pas dans les \u00ab off \u00ab des festivals qu\u2019on va pouvoir inventer cette culture alternative, ce que propose le festival de Blaye aux artistes de rue est un scandale.<\/p>\n<p>En r\u00e9sum\u00e9, nous devons \u00e9voluer vers une organisation qui responsabilise les Compagnies et le Public, qui les mette en relation directe, qui leur offre des plates formes de rencontre, d&rsquo;expression, d&rsquo;\u00e9change, une sorte de circuit court culturel, et un v\u00e9ritable compagnonnage au niveau des troupes.<br \/>\nCar enfin la doctrine est claire, annonc\u00e9e dans un document \u00e9crit par un conseiller du Ministre de la culture et dont le journal\u00a0 <em>Le Monde<\/em> dans son \u00e9dition dat\u00e9e du 5 novembre, donne de larges extraits sous le titre \u00ab Le Minist\u00e8re donne le cadre de sa nouvelle doctrine, \u00ab la culture pour chacun \u00bb.<br \/>\nVoil\u00e0, la culture pour tous de Malraux, Duhamel, Lang, \u00ab\u00a0 l\u2019\u00e9litisme pour tous \u00bb de Vitez, c\u2019est d\u00e9pass\u00e9. Analysant les \u00ab r\u00e9sultats d\u00e9cevants de la politique de d\u00e9mocratisation culturelle \u00bb, le constat \u2013 \u00e9vident, lucide \u2013aboutit \u00e0 une tr\u00e8s \u00e9trange et paradoxale conclusion. Le passage du \u00ab pour tous \u00bb au \u00ab pour chacun \u00bb est, clairement, une critique de la notion m\u00eame de culture, consid\u00e9r\u00e9e comme l\u2019obstacle majeur \u00e0 la d\u00e9mocratisation. Subtil ! Selon ce rapport, la culture intimide, l\u2019excellence est trop exigeante, et voil\u00e0 pourquoi la population reste \u00e0 la porte.<br \/>\nAu moment o\u00f9 l\u2019urgence consisterait \u00e0 cr\u00e9er un fond d\u2019aide au spectacle vivant, o\u00f9 un observatoire de la vie culturelle devrait s\u2019inscrire prioritairement dans le programme minist\u00e9riel, voil\u00e0 une nouvelle doctrine qui pr\u00f4ne la culture en miettes.\u00a0 Voil\u00e0 qui ne va pas faciliter le travail des acteurs culturels et des DRAC !<br \/>\nOn aboutit \u00e0 une culture \u00e0 la carte, \u00e0 la mesure de chacun. Et voil\u00e0 le joli tour de passe-passe, il y aura une culture \u00e9litiste pour l\u2019\u00e9lite, une culture de banlieue pour les banlieues. \u00c0 chacun selon ses besoins et son niveau.<br \/>\nOui, la d\u00e9mocratisation culturelle est un \u00e9chec, mais la solution propos\u00e9e est pire que tout et \u00e0 court terme va cr\u00e9er un clivage tragique, une ghetto\u00efsation de la culture dont on se serait bien pass\u00e9, au moment o\u00f9 le seul effort digne de ce nom consisterait \u00e0 \u00e9voluer vers une\u00a0 \u00ab d\u00e9mocratie culturelle \u00bb impliquant la population. La culture est un bien collectif, une r\u00e9f\u00e9rence pour la soci\u00e9t\u00e9, un lien et un terreau. A condition que les artistes ne soient pas sous trait\u00e9s, ne deviennent pas les parias de la vie culturelle, des intouchables rel\u00e9gu\u00e9s dans des \u00ab off \u00bb de survie, comme des foyers d\u2019accueil pour les SDF de l\u2019art.<br \/>\nAlors, par piti\u00e9, organisateurs de festivals, ne cr\u00e9ez pas des \u00ab off \u00bb, n\u2019accentuez pas la marginalisation des artistes.<br \/>\nQuand je vois un beau festival comme celui de Blaye cr\u00e9er de toute pi\u00e8ce un \u00ab off \u00bb, je crie au scandale. Que de m\u00e9pris pour les artistes !!!<\/p>\n<p style=\"text-align: left;\">De la culture en pleins champs, nous voil\u00e0 conduits \u00e0 une culture en pot. Le \u00ab Off \u00bb, c\u2019est des pots, qui vont d\u00e9corer les f\u00eates municipales et qu\u2019on va jeter apr\u00e8s.<\/p>\n<p style=\"text-align: left;\">La F\u00e9d\u00e9, les Compagnies, doivent prendre leur destin en main, et refuser d\u2019\u00eatre g\u00e9n\u00e9tiquement modifi\u00e9s.<br \/>\nLe temps de la culture bio est arriv\u00e9.<strong><\/strong><\/p>\n<p style=\"text-align: right;\"><strong>Dominique Houdart<\/strong><\/p>\n","protected":false},"excerpt":{"rendered":"<p>La vie culturelle en France a subi des dommages inestimables. Apr\u00e8s l&rsquo;\u00e9t\u00e9 meurtrier 2003, face \u00e0 un gouvernement autiste qui a renvoy\u00e9 la culture dans les bras du MEDEF, aux annonces incroyables de Mitterrand sur la culture \u00ab pour chacun \u00bb il devient effectivement urgent, vital d&rsquo;organiser la r\u00e9sistance et de lancer un mouvement alternatif. [&hellip;]<\/p>\n","protected":false},"author":35,"featured_media":0,"comment_status":"open","ping_status":"open","sticky":false,"template":"","format":"standard","meta":{"footnotes":""},"categories":[12],"tags":[29],"class_list":["post-180","post","type-post","status-publish","format-standard","hentry","category-arts-de-la-rue","tag-arts-de-la-rue"],"_links":{"self":[{"href":"https:\/\/www.ca.blog.sacd.fr\/index.php\/wp-json\/wp\/v2\/posts\/180","targetHints":{"allow":["GET"]}}],"collection":[{"href":"https:\/\/www.ca.blog.sacd.fr\/index.php\/wp-json\/wp\/v2\/posts"}],"about":[{"href":"https:\/\/www.ca.blog.sacd.fr\/index.php\/wp-json\/wp\/v2\/types\/post"}],"author":[{"embeddable":true,"href":"https:\/\/www.ca.blog.sacd.fr\/index.php\/wp-json\/wp\/v2\/users\/35"}],"replies":[{"embeddable":true,"href":"https:\/\/www.ca.blog.sacd.fr\/index.php\/wp-json\/wp\/v2\/comments?post=180"}],"version-history":[{"count":5,"href":"https:\/\/www.ca.blog.sacd.fr\/index.php\/wp-json\/wp\/v2\/posts\/180\/revisions"}],"predecessor-version":[{"id":226,"href":"https:\/\/www.ca.blog.sacd.fr\/index.php\/wp-json\/wp\/v2\/posts\/180\/revisions\/226"}],"wp:attachment":[{"href":"https:\/\/www.ca.blog.sacd.fr\/index.php\/wp-json\/wp\/v2\/media?parent=180"}],"wp:term":[{"taxonomy":"category","embeddable":true,"href":"https:\/\/www.ca.blog.sacd.fr\/index.php\/wp-json\/wp\/v2\/categories?post=180"},{"taxonomy":"post_tag","embeddable":true,"href":"https:\/\/www.ca.blog.sacd.fr\/index.php\/wp-json\/wp\/v2\/tags?post=180"}],"curies":[{"name":"wp","href":"https:\/\/api.w.org\/{rel}","templated":true}]}}