{"id":86,"date":"2009-08-24T16:43:36","date_gmt":"2009-08-24T15:43:36","guid":{"rendered":"https:\/\/www.ca.blog.sacd.fr\/?p=86"},"modified":"2009-09-14T09:20:09","modified_gmt":"2009-09-14T08:20:09","slug":"avignon-2629-juillet-2009-bloc-notes-express-et-coups-de-coeur","status":"publish","type":"post","link":"https:\/\/www.ca.blog.sacd.fr\/index.php\/2009\/08\/24\/avignon-2629-juillet-2009-bloc-notes-express-et-coups-de-coeur\/","title":{"rendered":"Avignon, 26\/29 Juillet 2009 : Bloc notes express et coups de c\u0153ur."},"content":{"rendered":"<p>Venu en Avignon pour soutenir les deux derniers programmes des \u00ab <strong>Sujets \u00e0 vifs<\/strong> \u00bb \u00e9labor\u00e9s conjointement par la SACD et le festival et pr\u00e9sent\u00e9s dans le Jardin de la vierge du Lyc\u00e9e Saint Joseph, j\u2019ai eu le plaisir d\u2019applaudir entre autres la remarquable trap\u00e9ziste suisse Melissa Von V\u00e9py dans <strong>Miroir, Miroir<\/strong> (port\u00e9e par une belle composition musicale live du pianiste St\u00e9phan Oliva) ainsi que la com\u00e9dienne Dominique Reymond, excellente elle aussi, dans <strong>Trois quartiers<\/strong>. Voici maintenant quelques impressions des autres spectacles qu\u2019il m\u2019a \u00e9t\u00e9 donn\u00e9 de voir dans le In .Et puisque notre cher Beaumarchais a dit un jour \u00ab sans la libert\u00e9 de bl\u00e2mer il n\u2019est point d\u2019\u00e9loge flatteur \u00bb, je vous parlerai donc sans d\u00e9tours :<\/p>\n<p><!--more--><\/p>\n<ul>\n<li><strong>Radio Muezzin<\/strong>, au Clo\u00eetre des Carmes, est un \u00ab th\u00e9\u00e2tre documentaire \u00bb dans lequel quatre\u00a0 hommes de pri\u00e8re musulmans originaires du Caire et un technicien se racontent (en arabe avec surtitrages fran\u00e7ais, anglais) sur fond de vid\u00e9os, l\u2019un d\u2019eux se permettant \u00e0 un moment de roter tr\u00e8s fort dans son micro le soir o\u00f9 j\u2019y \u00e9tais. Pour \u00eatre\u00a0 franc je m\u2019attendais \u00e0 mieux c\u00f4t\u00e9 vocal (!), particuli\u00e8rement en \u00e9coutant le prologue a cappella du spectacle si l\u2019on songe d\u2019ordinaire \u00e0 la beaut\u00e9 de ces chants &#8211; diffus\u00e9s commun\u00e9ment aujourd\u2019hui par les haut-parleurs des mosqu\u00e9es &#8211; et l\u2019on est en droit de s\u2019interroger sur le pourquoi d\u2019un tel projet ne comprenant ni auteur(s), ni artiste(s) interpr\u00e8te(s) professionnel(s) .A quand les pr\u00eatres, pasteurs, rabbins, popes, moines bouddhistes \u2026 ou\u00a0 bien carr\u00e9ment le boucher du coin nous expliquant son quotidien ?<\/li>\n<li>Oublions <strong>Loin<\/strong>, Salle Beno\u00eet XII, con\u00e7u et interpr\u00e9t\u00e9 par le \u00ab danseur vid\u00e9aste \u00bb Rachid Ouramdane qui, sur le th\u00e8me de la m\u00e9moire, nous inflige un solo de 55 minutes aussi pr\u00e9tentieux que r\u00e9barbatif.<\/li>\n<li>Avec <strong>Angelo tyran de Padoue<\/strong> \u00e0 l\u2019Op\u00e9ra Th\u00e9\u00e2tre nous assistons en revanche \u00e0 un vrai grand spectacle dans une mise en sc\u00e8ne ultra branch\u00e9e, certes, de Christophe Honor\u00e9 mais qui dirige avec talent ses acteurs : Clothilde Hesme, Marcial di Fonzo Bo et Emmanuelle Devos \u00e9patants, tout comme le reste de la troupe. La sc\u00e9nographie de Samuel Deshors toute en structures d\u2019acier est superbe de m\u00eame que la lumi\u00e8re cin\u00e9matographique de R\u00e9my Chevrin. Dans cette transposition moderne, Victor Hugo fait mouche une fois de plus et l\u2019on s\u2019amuse beaucoup \u00e0 ce m\u00e9lo tr\u00e8s r\u00e9ussi malgr\u00e9 un petit quart d\u2019heure de trop et une vid\u00e9o finale un peu complaisante.<\/li>\n<li>Si vous \u00eates plut\u00f4t \u00ab f\u00eate de la bi\u00e8re \u00bb, alors direction la Cour d\u2019Honneur du Palais des Papes &#8211; un\u2019fois! &#8211; avec <strong>Casimir et Caroline<\/strong> d\u2019Od\u00f6n von Horvath mont\u00e9 par Johan Simons et Paul Koek. Le texte de la pi\u00e8ce est ici traduit de l\u2019allemand en n\u00e9erlandais pour \u00eatre finalement jou\u00e9 phon\u00e9tiquement en fran\u00e7ais par des acteurs m\u00e9ritants qui passent leur temps \u00e0 courir sur le plateau, \u00e0 crier et \u00e0 grimper sur un immense \u00e9chafaudage pendant 2h20 minutes interminables tandis que quatre musiciens nous gratifient d\u2019une s\u00e9r\u00e9nade non-stop,\u00a0 genre ambiance sonore de prisunic ou d\u2019ascenseur.<\/li>\n<li>Enfin, au Parc des expositions de Ch\u00e2teaublanc :<strong> Ciels<\/strong> du franco-libanais Wajdi Mouawad, artiste invit\u00e9 du Festival. L\u00e0, au milieu d\u2019une\u00a0 bo\u00eete\u00a0 blanche rectangulaire comprenant plusieurs aires de jeu, nous sommes t\u00e9moins des m\u00e9saventures d\u2019une cellule anti-terroristes en pleine crise. On se croirait dans une BD fa\u00e7on Da Vinci code ou 24 heures chrono ! Stanislas Nordey &#8211; quasi christique &#8211; fait un\u00a0 carton\u00a0 entour\u00e9 par une distribution malheureusement in\u00e9gale, le tout est assez na\u00eff dans un contexte qui serait pourtant plut\u00f4t \u00ab prise de t\u00eate \u00bb mais l\u2019on ne s\u2019ennuie pas (bien que tr\u00e8s mal assis sur de petits tabourets pivotants) et le public ravi fait\u00a0 une standing ovation.<\/li>\n<\/ul>\n<p>Le bonheur existe aussi dans le Off\u00a0 ainsi qu\u2019en t\u00e9moignent les coups de c\u0153ur que j\u2019aimerais maintenant vous faire partager :<\/p>\n<ul>\n<li>Le premier, intitul\u00e9 <strong>Les D\u00e9pla\u00e7\u00e9s<\/strong> au Th\u00e9\u00e2tre du Bourg-Neuf, est un superbe texte de Xavier Durringer qui d\u00e9nonce la situation des fran\u00e7ais d\u2019origine \u00e9trang\u00e8re de la 1\u00e8re, 2\u00e8me et 3\u00e8me g\u00e9n\u00e9ration. Construit sous la forme d\u2019un grand po\u00e8me lyrique allant irr\u00e9m\u00e9diablement crescendo, il \u00e9voque les probl\u00e8mes d\u2019int\u00e9gration ou plut\u00f4t de non int\u00e9gration : \u00ab Un arbre sans racines ne peut pas donner de fruits \u00bb clame ici l\u2019auteur\u00a0 d\u2019une mani\u00e8re v\u00e9h\u00e9mente. Tr\u00e8s intelligemment mis en sc\u00e8ne, avec sensibilit\u00e9 mais sans sensiblerie aucune, par Didier Delcroix et jou\u00e9 avec ferveur par trois jeunes com\u00e9diens habit\u00e9s (Mohamed Mazari, Yoann Josefsberg et Cl\u00e9a Petrolesi, lumineuse), ce spectacle m\u00e9riterait \u00e0 coup s\u00fbr de poursuivre le beau chemin qu\u2019il vient tout juste d\u2019entamer.<\/li>\n<li>Le second, <strong>Motob\u00e9cane <\/strong>au Th\u00e9\u00e2tre du Petit Chien, est \u00e9crit et interpr\u00e9t\u00e9 par Bernard Crombey d\u2019apr\u00e8s l\u2019\u0153uvre de Paul Savatier intitul\u00e9e <em>Le ravisseur<\/em> .Immense acteur, Crombey nous conte en patois picard l\u2019histoire d\u2019\u00ab el tiot Victor \u00bb (inspir\u00e9e d\u2019un fait divers) qui, sur sa mobylette bleue, croise un jour la route d\u2019une fillette de huit ans\u00a0 faisant l\u2019\u00e9cole buissonni\u00e8re et ne voulant pas rentrer chez elle o\u00f9 sa m\u00e8re la bat. Cette rencontre finira par le conduire en prison o\u00f9 il n\u2019aura cesse de clamer son innocence et \u00ab d\u2019\u00e9crire \u00e0 haute voix \u00bb sa v\u00e9rit\u00e9. A la fois dr\u00f4le, tendre et bouleversant, ce spectacle a fait un triomphe en Avignon. Il est actuellement repris pour une s\u00e9rie de repr\u00e9sentations \u00e0 Paris au Th\u00e9\u00e2tre du Lucernaire. Un conseil : courez-y\u00a0 vite!<br \/>\nLes aficionados de com\u00e9dies musicales ont pu d\u00e9couvrir \u00e9galement <strong>Bonnie &amp; Clyde<\/strong> de Rapha\u00ebl Bancou au Th\u00e9\u00e2tre des B\u00e9liers, sympathique divertissement qui a re\u00e7u le soutien de notre Fonds de Cr\u00e9ation Lyrique mais qui m\u00e9riterait toutefois quelques petits am\u00e9nagements avant sa reprise parisienne pr\u00e9vue, cette saison, \u00e0 l\u2019Alhambra du 22 d\u00e9cembre 2009 au 17 janvier 2010.<\/li>\n<\/ul>\n<p>Mon regret &#8211;\u00a0 li\u00e9 \u00e0 des horaires ou dates incompatibles &#8211; sera d\u2019avoir manqu\u00e9 notamment :<\/p>\n<p><strong>La disgr\u00e2ce de Jean-S\u00e9bastien Bach<\/strong> de Sophie Deschamps et Jean-Fran\u00e7ois Robin au Th\u00e9\u00e2tre du Balcon et <strong>Le mot progr\u00e8s dans la bouche de ma m\u00e8re sonnait terriblement faux<\/strong> de Mate\u00ef Visniec au Th\u00e9\u00e2tre des Halles mais on ne peut, h\u00e9las, pas tout voir tant les spectacles sont nombreux\u2026Pr\u00e8s de 1000 cette ann\u00e9e rien que dans le Off !<\/p>\n<p>Pour l\u2019heure, et en attendant le cru 2010, je vous souhaite une tr\u00e8s bonne rentr\u00e9e.<\/p>\n","protected":false},"excerpt":{"rendered":"<p>Venu en Avignon pour soutenir les deux derniers programmes des \u00ab Sujets \u00e0 vifs \u00bb \u00e9labor\u00e9s conjointement par la SACD et le festival et pr\u00e9sent\u00e9s dans le Jardin de la vierge du Lyc\u00e9e Saint Joseph, j\u2019ai eu le plaisir d\u2019applaudir entre autres la remarquable trap\u00e9ziste suisse Melissa Von V\u00e9py dans Miroir, Miroir (port\u00e9e par une [&hellip;]<\/p>\n","protected":false},"author":26,"featured_media":0,"comment_status":"open","ping_status":"closed","sticky":false,"template":"","format":"standard","meta":{"footnotes":""},"categories":[2],"tags":[9,11,10],"class_list":["post-86","post","type-post","status-publish","format-standard","hentry","category-spectacle-vivant","tag-avignon","tag-festival","tag-theatre"],"_links":{"self":[{"href":"https:\/\/www.ca.blog.sacd.fr\/index.php\/wp-json\/wp\/v2\/posts\/86","targetHints":{"allow":["GET"]}}],"collection":[{"href":"https:\/\/www.ca.blog.sacd.fr\/index.php\/wp-json\/wp\/v2\/posts"}],"about":[{"href":"https:\/\/www.ca.blog.sacd.fr\/index.php\/wp-json\/wp\/v2\/types\/post"}],"author":[{"embeddable":true,"href":"https:\/\/www.ca.blog.sacd.fr\/index.php\/wp-json\/wp\/v2\/users\/26"}],"replies":[{"embeddable":true,"href":"https:\/\/www.ca.blog.sacd.fr\/index.php\/wp-json\/wp\/v2\/comments?post=86"}],"version-history":[{"count":10,"href":"https:\/\/www.ca.blog.sacd.fr\/index.php\/wp-json\/wp\/v2\/posts\/86\/revisions"}],"predecessor-version":[{"id":100,"href":"https:\/\/www.ca.blog.sacd.fr\/index.php\/wp-json\/wp\/v2\/posts\/86\/revisions\/100"}],"wp:attachment":[{"href":"https:\/\/www.ca.blog.sacd.fr\/index.php\/wp-json\/wp\/v2\/media?parent=86"}],"wp:term":[{"taxonomy":"category","embeddable":true,"href":"https:\/\/www.ca.blog.sacd.fr\/index.php\/wp-json\/wp\/v2\/categories?post=86"},{"taxonomy":"post_tag","embeddable":true,"href":"https:\/\/www.ca.blog.sacd.fr\/index.php\/wp-json\/wp\/v2\/tags?post=86"}],"curies":[{"name":"wp","href":"https:\/\/api.w.org\/{rel}","templated":true}]}}