{"id":909,"date":"2023-08-21T09:44:10","date_gmt":"2023-08-21T08:44:10","guid":{"rendered":"https:\/\/www.ca.blog.sacd.fr\/?p=909"},"modified":"2023-08-21T09:46:48","modified_gmt":"2023-08-21T08:46:48","slug":"soutien-au-cineaste-saeed-roustaee-et-au-producteur-javad-norouzbeigui","status":"publish","type":"post","link":"https:\/\/www.ca.blog.sacd.fr\/index.php\/2023\/08\/21\/soutien-au-cineaste-saeed-roustaee-et-au-producteur-javad-norouzbeigui\/","title":{"rendered":"Soutien au cin\u00e9aste Saeed Roustaee et au producteur Javad Norouzbeigui"},"content":{"rendered":"<p><strong><em>Par Virginie Jallot, pr\u00e9sidente de la SACD<\/em><\/strong><\/p>\n<p style=\"text-align: center;\"><a href=\"https:\/\/www.ca.blog.sacd.fr\/wp-content\/uploads\/2023\/08\/366065778_682327840585334_638312047238336087_n.jpg\"><img loading=\"lazy\" decoding=\"async\" class=\"aligncenter  wp-image-912\" src=\"https:\/\/www.ca.blog.sacd.fr\/wp-content\/uploads\/2023\/08\/366065778_682327840585334_638312047238336087_n.jpg\" alt=\"\" width=\"519\" height=\"640\" srcset=\"https:\/\/www.ca.blog.sacd.fr\/wp-content\/uploads\/2023\/08\/366065778_682327840585334_638312047238336087_n.jpg 519w, https:\/\/www.ca.blog.sacd.fr\/wp-content\/uploads\/2023\/08\/366065778_682327840585334_638312047238336087_n-243x300.jpg 243w\" sizes=\"auto, (max-width: 519px) 100vw, 519px\" \/><\/a><\/p>\n<p>Les autrices et auteurs de la SACD expriment leur soutien au cin\u00e9aste Saeed Roustaee et au producteur Javad Norouzbeigui condamn\u00e9s \u00e0 une peine de six mois de prison par le tribunal r\u00e9volutionnaire de T\u00e9h\u00e9ran pour avoir projet\u00e9 leur film Le\u00efla et ses fr\u00e8res \u00e0 Cannes en 2022, film interdit en Iran depuis sa sortie.<\/p>\n<p>Cette condamnation s&rsquo;accompagne de cinq ann\u00e9es d&rsquo;interdiction de tournage et de communication avec des \u00ab\u00a0personnes actives dans le domaine du cin\u00e9ma\u00a0\u00bb pour avoir \u00ab\u00a0contribu\u00e9 \u00e0 la propagande de l&rsquo;opposition contre le r\u00e9gime des mollahs\u00a0\u00bb.<\/p>\n<p>R\u00e9gime qui n&rsquo;a de cesse de criminaliser les auteurs et cr\u00e9ateurs, en interdisant la libert\u00e9 d&rsquo;expression.<\/p>\n<p>Les autrices et auteurs de la SACD d\u00e9noncent ce jugement insupportable et confirment leur solidarit\u00e9 \u00e0 celles et ceux qui subissent violences et repr\u00e9sailles dans leurs cr\u00e9ations et \u00e0 tous ceux qui luttent pour la d\u00e9fense du droit de cr\u00e9er et de s&rsquo;exprimer librement et plus globalement pour la d\u00e9fense des droits humains.<\/p>\n<p>La SACD demande au pr\u00e9sident de la R\u00e9publique et au gouvernement de d\u00e9ployer leurs meilleurs efforts pour obtenir la cl\u00e9mence du tribunal de T\u00e9h\u00e9ran par l&rsquo;annulation pure et simple de la condamnation de messieurs Saeed Roustaee et Javad Norouzbeigui.<\/p>\n<p>Cr\u00e9dit photo :\u00a0<a class=\"x1i10hfl xjbqb8w x6umtig x1b1mbwd xaqea5y xav7gou x9f619 x1ypdohk xt0psk2 xe8uvvx xdj266r x11i5rnm xat24cr x1mh8g0r xexx8yu x4uap5 x18d9i69 xkhd6sd x16tdsg8 x1hl2dhg xggy1nq x1a2a7pz xt0b8zv x1fey0fg\" tabindex=\"0\" role=\"link\" href=\"https:\/\/l.facebook.com\/l.php?u=https%3A%2F%2Fcommons.m.wikimedia.org%2Fwiki%2FFile%3ASaeed-roustayi-filmfest-muenchen-2022.jpg%3Ffbclid%3DIwAR3-oqzOuncwg6dc4p0OmLPf_0F1xCsn0gO52FQRGZB9-I9xMHD4XeIEvH0%23mw-jump-to-license&amp;h=AT0edbMwDA8kV35CrbzfJDg-ct_pInQlhRHuKTdLmSekuvtAg5ag_6s8WJmiRGlPy_xUKDtqgoCYbN32t0sFRab6et_Rm-v86vWKzKWAN-y-3LHEPTY3IovXNRxeK4pxAUpo&amp;__tn__=-UK-R&amp;c[0]=AT2iPKf95pvUJqMCFbPVLFiVHxQPwkQJUhNNu0_HIcIl-HIyGKZsvARAHi7Qk4zpJc-IF6N4BtEH0kCDmlGxBCaiEMJMqS0NEyIZK_Y0RtUb4_i8ldlhVJAzLdSIVbJmYBoce7kovYdEiBgR_8yt4cMpowJUZv1V9V1HpXrlelULsY4k--oLRkanLcL5oG505ElfIwjbKyWH\" target=\"_blank\" rel=\"nofollow noopener noreferrer\">https:\/\/commons.m.wikimedia.org\/&#8230;\/File:Saeed-roustayi&#8230;<\/a><\/p>\n","protected":false},"excerpt":{"rendered":"<p>Par Virginie Jallot, pr\u00e9sidente de la SACD Les autrices et auteurs de la SACD expriment leur soutien au cin\u00e9aste Saeed Roustaee et au producteur Javad Norouzbeigui condamn\u00e9s \u00e0 une peine de six mois de prison par le tribunal r\u00e9volutionnaire de T\u00e9h\u00e9ran pour avoir projet\u00e9 leur film Le\u00efla et ses fr\u00e8res \u00e0 Cannes en 2022, film [&hellip;]<\/p>\n","protected":false},"author":1,"featured_media":0,"comment_status":"open","ping_status":"open","sticky":false,"template":"","format":"standard","meta":{"footnotes":""},"categories":[49],"tags":[52,54,55],"class_list":["post-909","post","type-post","status-publish","format-standard","hentry","category-cinema","tag-cinema","tag-iran","tag-liberte-dexpression"],"_links":{"self":[{"href":"https:\/\/www.ca.blog.sacd.fr\/index.php\/wp-json\/wp\/v2\/posts\/909","targetHints":{"allow":["GET"]}}],"collection":[{"href":"https:\/\/www.ca.blog.sacd.fr\/index.php\/wp-json\/wp\/v2\/posts"}],"about":[{"href":"https:\/\/www.ca.blog.sacd.fr\/index.php\/wp-json\/wp\/v2\/types\/post"}],"author":[{"embeddable":true,"href":"https:\/\/www.ca.blog.sacd.fr\/index.php\/wp-json\/wp\/v2\/users\/1"}],"replies":[{"embeddable":true,"href":"https:\/\/www.ca.blog.sacd.fr\/index.php\/wp-json\/wp\/v2\/comments?post=909"}],"version-history":[{"count":8,"href":"https:\/\/www.ca.blog.sacd.fr\/index.php\/wp-json\/wp\/v2\/posts\/909\/revisions"}],"predecessor-version":[{"id":920,"href":"https:\/\/www.ca.blog.sacd.fr\/index.php\/wp-json\/wp\/v2\/posts\/909\/revisions\/920"}],"wp:attachment":[{"href":"https:\/\/www.ca.blog.sacd.fr\/index.php\/wp-json\/wp\/v2\/media?parent=909"}],"wp:term":[{"taxonomy":"category","embeddable":true,"href":"https:\/\/www.ca.blog.sacd.fr\/index.php\/wp-json\/wp\/v2\/categories?post=909"},{"taxonomy":"post_tag","embeddable":true,"href":"https:\/\/www.ca.blog.sacd.fr\/index.php\/wp-json\/wp\/v2\/tags?post=909"}],"curies":[{"name":"wp","href":"https:\/\/api.w.org\/{rel}","templated":true}]}}